{"id":14620,"date":"2024-07-05T15:10:08","date_gmt":"2024-07-05T13:10:08","guid":{"rendered":"https:\/\/faceprojecterasmus.eu\/il-volto-del-futuro-delleuropa-investire-nellimprenditoria-culturale-per-ridurre-la-disoccupazione-giovanile-2\/"},"modified":"2024-07-15T11:09:50","modified_gmt":"2024-07-15T09:09:50","slug":"il-volto-del-futuro-delleuropa-investire-nellimprenditoria-culturale-per-ridurre-la-disoccupazione-giovanile-2","status":"publish","type":"post","link":"https:\/\/faceprojecterasmus.eu\/it\/il-volto-del-futuro-delleuropa-investire-nellimprenditoria-culturale-per-ridurre-la-disoccupazione-giovanile-2\/","title":{"rendered":"Imprenditorialit\u00e0 culturale"},"content":{"rendered":"\t\t<div data-elementor-type=\"wp-post\" data-elementor-id=\"14620\" class=\"elementor elementor-14620 elementor-14578\">\n\t\t\t\t\t\t\t\t\t<section class=\"elementor-section elementor-top-section elementor-element elementor-element-3b311c75 elementor-section-boxed elementor-section-height-default elementor-section-height-default\" data-id=\"3b311c75\" data-element_type=\"section\">\n\t\t\t\t\t\t<div class=\"elementor-container elementor-column-gap-default\">\n\t\t\t\t\t<div class=\"elementor-column elementor-col-100 elementor-top-column elementor-element elementor-element-4e7834e8\" data-id=\"4e7834e8\" data-element_type=\"column\">\n\t\t\t<div class=\"elementor-widget-wrap elementor-element-populated\">\n\t\t\t\t\t\t\t\t<div class=\"elementor-element elementor-element-484d9750 elementor-widget elementor-widget-text-editor\" data-id=\"484d9750\" data-element_type=\"widget\" data-widget_type=\"text-editor.default\">\n\t\t\t\t<div class=\"elementor-widget-container\">\n\t\t\t<style>\/*! elementor - v3.16.0 - 09-10-2023 *\/\n.elementor-widget-text-editor.elementor-drop-cap-view-stacked .elementor-drop-cap{background-color:#69727d;color:#fff}.elementor-widget-text-editor.elementor-drop-cap-view-framed .elementor-drop-cap{color:#69727d;border:3px solid;background-color:transparent}.elementor-widget-text-editor:not(.elementor-drop-cap-view-default) .elementor-drop-cap{margin-top:8px}.elementor-widget-text-editor:not(.elementor-drop-cap-view-default) .elementor-drop-cap-letter{width:1em;height:1em}.elementor-widget-text-editor .elementor-drop-cap{float:left;text-align:center;line-height:1;font-size:50px}.elementor-widget-text-editor .elementor-drop-cap-letter{display:inline-block}<\/style>\t\t\t\t<p>L&#8217;imprenditoria culturale e le industrie creative si sono dimostrate essenziali per la rigenerazione urbana e lo sviluppo sociale, soprattutto durante le crisi economiche. La creativit\u00e0 e la cultura arricchiscono le nostre vite personalmente, ma hanno anche il potere di trasformare le comunit\u00e0 e di creare opportunit\u00e0 economiche sostenibili. Siamo orgogliosi di partecipare al progetto FACE, che sostiene i giovani nello sviluppo delle loro idee culturali e imprenditoriali, allineandosi perfettamente con questa visione.<\/p>\n\t\t\t\t\t\t<\/div>\n\t\t\t\t<\/div>\n\t\t\t\t<div class=\"elementor-element elementor-element-fa60782 elementor-widget elementor-widget-image\" data-id=\"fa60782\" data-element_type=\"widget\" data-widget_type=\"image.default\">\n\t\t\t\t<div class=\"elementor-widget-container\">\n\t\t\t<style>\/*! elementor - v3.16.0 - 09-10-2023 *\/\n.elementor-widget-image{text-align:center}.elementor-widget-image a{display:inline-block}.elementor-widget-image a img[src$=\".svg\"]{width:48px}.elementor-widget-image img{vertical-align:middle;display:inline-block}<\/style>\t\t\t\t\t\t\t\t\t\t\t\t<img loading=\"lazy\" decoding=\"async\" width=\"768\" height=\"432\" src=\"https:\/\/faceprojecterasmus.eu\/wp-content\/uploads\/2024\/07\/pexels-vividcafe-681335-768x432.jpg\" class=\"attachment-medium_large size-medium_large wp-image-14615\" alt=\"\" srcset=\"https:\/\/faceprojecterasmus.eu\/wp-content\/uploads\/2024\/07\/pexels-vividcafe-681335-768x432.jpg 768w, https:\/\/faceprojecterasmus.eu\/wp-content\/uploads\/2024\/07\/pexels-vividcafe-681335-300x169.jpg 300w, https:\/\/faceprojecterasmus.eu\/wp-content\/uploads\/2024\/07\/pexels-vividcafe-681335-1024x575.jpg 1024w, https:\/\/faceprojecterasmus.eu\/wp-content\/uploads\/2024\/07\/pexels-vividcafe-681335-1536x863.jpg 1536w, https:\/\/faceprojecterasmus.eu\/wp-content\/uploads\/2024\/07\/pexels-vividcafe-681335-2048x1151.jpg 2048w, https:\/\/faceprojecterasmus.eu\/wp-content\/uploads\/2024\/07\/pexels-vividcafe-681335-1320x742.jpg 1320w, https:\/\/faceprojecterasmus.eu\/wp-content\/uploads\/2024\/07\/pexels-vividcafe-681335-1140x641.jpg 1140w\" sizes=\"auto, (max-width: 768px) 100vw, 768px\" \/>\t\t\t\t\t\t\t\t\t\t\t\t\t\t\t<\/div>\n\t\t\t\t<\/div>\n\t\t\t\t\t<\/div>\n\t\t<\/div>\n\t\t\t\t\t\t\t<\/div>\n\t\t<\/section>\n\t\t\t\t<section class=\"elementor-section elementor-top-section elementor-element elementor-element-45a04ba elementor-section-boxed elementor-section-height-default elementor-section-height-default\" data-id=\"45a04ba\" data-element_type=\"section\">\n\t\t\t\t\t\t<div class=\"elementor-container elementor-column-gap-default\">\n\t\t\t\t\t<div class=\"elementor-column elementor-col-100 elementor-top-column elementor-element elementor-element-7a02fd5\" data-id=\"7a02fd5\" data-element_type=\"column\">\n\t\t\t<div class=\"elementor-widget-wrap elementor-element-populated\">\n\t\t\t\t\t\t\t\t<div class=\"elementor-element elementor-element-a09dc33 elementor-widget elementor-widget-text-editor\" data-id=\"a09dc33\" data-element_type=\"widget\" data-widget_type=\"text-editor.default\">\n\t\t\t\t<div class=\"elementor-widget-container\">\n\t\t\t\t\t\t\t<p><strong>Imprenditorialit\u00e0 culturale in Europa<\/strong><\/p>\n<p>In ambito europeo, diverse iniziative ed eventi hanno evidenziato il potere dell&#8217;imprenditoria culturale come strumento di sviluppo. Un esempio significativo \u00e8 la Capitale Europea della Cultura, un titolo assegnato ogni anno a diverse citt\u00e0 per mettere in mostra la loro vita artistica e la loro crescita creativa. Citt\u00e0 come Matera (2019) in Italia, Eleusi in Grecia (2023) o quelle selezionate per il 2024, le citt\u00e0 di Bad Ischl in Austria, Bod\u00f8 in Norvegia e Tartu in Estonia, hanno vissuto una rinascita culturale ed economica venendo nominate Capitali Europee della Cultura. Questi eventi non hanno solo lo scopo di attirare il turismo, ma anche di promuovere gli investimenti in infrastrutture culturali e la creazione di posti di lavoro, soprattutto nei settori creativi.<\/p>\n\t\t\t\t\t\t<\/div>\n\t\t\t\t<\/div>\n\t\t\t\t\t<\/div>\n\t\t<\/div>\n\t\t\t\t\t\t\t<\/div>\n\t\t<\/section>\n\t\t\t\t<section class=\"elementor-section elementor-top-section elementor-element elementor-element-0870070 elementor-section-boxed elementor-section-height-default elementor-section-height-default\" data-id=\"0870070\" data-element_type=\"section\">\n\t\t\t\t\t\t<div class=\"elementor-container elementor-column-gap-default\">\n\t\t\t\t\t<div class=\"elementor-column elementor-col-100 elementor-top-column elementor-element elementor-element-25dece0\" data-id=\"25dece0\" data-element_type=\"column\">\n\t\t\t<div class=\"elementor-widget-wrap elementor-element-populated\">\n\t\t\t\t\t\t\t\t<div class=\"elementor-element elementor-element-14152a7 elementor-widget elementor-widget-text-editor\" data-id=\"14152a7\" data-element_type=\"widget\" data-widget_type=\"text-editor.default\">\n\t\t\t\t<div class=\"elementor-widget-container\">\n\t\t\t\t\t\t\t<p><strong>Evento Gen-E: Celebrazione dell&#8217;imprenditorialit\u00e0 giovanile<\/strong><\/p>\n<p>Un altro evento significativo che promuove l&#8217;imprenditorialit\u00e0 giovanile \u00e8 Gen-E, un festival europeo dell&#8217;imprenditorialit\u00e0 che celebra i risultati ottenuti dagli studenti imprenditori di tutta Europa. Quest&#8217;anno JA Italia ospiter\u00e0 Gen-E 2024 a Catania, Italia, dal 2 al 4 luglio. Durante questo evento, migliaia di giovani imprenditori, dai 15 anni in su, presenteranno le loro idee imprenditoriali innovative e si contenderanno i titoli di Migliore Azienda e Migliore Start-Up dell&#8217;Anno. L&#8217;evento comprende una Virtual Expo e una Virtual Job Fair, dove i partecipanti possono interagire con i reclutatori di note aziende ed esplorare le opportunit\u00e0 di lavoro. Dare risalto a questo evento sottolinea l&#8217;importanza di sostenere i giovani imprenditori in tutta Europa.<\/p>\n\t\t\t\t\t\t<\/div>\n\t\t\t\t<\/div>\n\t\t\t\t\t<\/div>\n\t\t<\/div>\n\t\t\t\t\t\t\t<\/div>\n\t\t<\/section>\n\t\t\t\t<section class=\"elementor-section elementor-top-section elementor-element elementor-element-acb6db8 elementor-section-boxed elementor-section-height-default elementor-section-height-default\" data-id=\"acb6db8\" data-element_type=\"section\">\n\t\t\t\t\t\t<div class=\"elementor-container elementor-column-gap-default\">\n\t\t\t\t\t<div class=\"elementor-column elementor-col-100 elementor-top-column elementor-element elementor-element-f322b84\" data-id=\"f322b84\" data-element_type=\"column\">\n\t\t\t<div class=\"elementor-widget-wrap elementor-element-populated\">\n\t\t\t\t\t\t\t\t<div class=\"elementor-element elementor-element-facddb4 elementor-widget elementor-widget-text-editor\" data-id=\"facddb4\" data-element_type=\"widget\" data-widget_type=\"text-editor.default\">\n\t\t\t\t<div class=\"elementor-widget-container\">\n\t\t\t\t\t\t\t<p><strong>Impatto sociale ed economico<\/strong><\/p>\n<p>Durante la pandemia COVID-19, queste aziende in Europa si sono adattate e sono andate avanti, spesso aiutando molto le loro comunit\u00e0 locali. Questo dimostra che investire nella cultura non \u00e8 solo un lusso, ma una necessit\u00e0 per la stabilit\u00e0 e la crescita sostenibile. \u00c8 fondamentale che tutti noi ci impegniamo a sostenere questi settori, perch\u00e9 sono alla base della nostra coesione sociale e del nostro sviluppo futuro.<\/p>\n\t\t\t\t\t\t<\/div>\n\t\t\t\t<\/div>\n\t\t\t\t\t<\/div>\n\t\t<\/div>\n\t\t\t\t\t\t\t<\/div>\n\t\t<\/section>\n\t\t\t\t<section class=\"elementor-section elementor-top-section elementor-element elementor-element-00c4aee elementor-section-boxed elementor-section-height-default elementor-section-height-default\" data-id=\"00c4aee\" data-element_type=\"section\">\n\t\t\t\t\t\t<div class=\"elementor-container elementor-column-gap-default\">\n\t\t\t\t\t<div class=\"elementor-column elementor-col-100 elementor-top-column elementor-element elementor-element-a588a37\" data-id=\"a588a37\" data-element_type=\"column\">\n\t\t\t<div class=\"elementor-widget-wrap elementor-element-populated\">\n\t\t\t\t\t\t\t\t<div class=\"elementor-element elementor-element-5ebdf7f elementor-widget elementor-widget-text-editor\" data-id=\"5ebdf7f\" data-element_type=\"widget\" data-widget_type=\"text-editor.default\">\n\t\t\t\t<div class=\"elementor-widget-container\">\n\t\t\t\t\t\t\t<p><strong>Progetto FACE<\/strong><\/p>\n<p>Un elemento chiave per il successo dell&#8217;imprenditoria culturale \u00e8 la formazione. I giovani imprenditori devono sviluppare competenze specifiche per trasformare la loro creativit\u00e0 in progetti realizzabili. Ecco perch\u00e9 iniziative come il progetto FACE svolgono un ruolo fondamentale. Fornendo workshop, formazione e opportunit\u00e0 di networking, FACE prepara i giovani a utilizzare il loro capitale culturale come fonte di occupazione e crescita economica.<\/p>\n<p>L&#8217;imprenditoria culturale e le industrie creative sono fondamentali per rigenerare le nostre citt\u00e0 e creare un futuro sostenibile. Progetti come FACE, che sostengono e formano i giovani in questo campo, non solo favoriscono la crescita economica ma arricchiscono anche il tessuto sociale e culturale delle nostre comunit\u00e0. \u00c8 fondamentale continuare a investire nella cultura e nella creativit\u00e0 come base per lo sviluppo e la coesione sociale. Eventi come Gen-E 2024 a Catania svolgono un ruolo fondamentale fornendo una piattaforma ai giovani imprenditori europei per mostrare il loro talento e dare un contributo significativo allo sviluppo economico e sociale delle loro comunit\u00e0, ispirando tutti noi con il loro potenziale.<\/p>\n\t\t\t\t\t\t<\/div>\n\t\t\t\t<\/div>\n\t\t\t\t\t<\/div>\n\t\t<\/div>\n\t\t\t\t\t\t\t<\/div>\n\t\t<\/section>\n\t\t\t\t\t\t\t<\/div>\n\t\t","protected":false},"excerpt":{"rendered":"<p>Per scrivere il post perfetto, \u00e8 necessario suddividere il contenuto in paragrafi. La maggior parte dei blog utilizza i paragrafi, ma pochi li usano bene. Prendetevi il tempo di inserire i link nei vostri post&#8230;<\/p>\n","protected":false},"author":5,"featured_media":14632,"comment_status":"closed","ping_status":"closed","sticky":false,"template":"","format":"standard","meta":{"iawp_total_views":4,"footnotes":""},"categories":[129],"tags":[131,130,132,156],"class_list":["post-14620","post","type-post","status-publish","format-standard","has-post-thumbnail","hentry","category-industrie-creative-e-culturali","tag-creazione-di-posti-di-lavoro","tag-impatto","tag-linnovazione","tag-sostenibilita"],"_links":{"self":[{"href":"https:\/\/faceprojecterasmus.eu\/it\/wp-json\/wp\/v2\/posts\/14620","targetHints":{"allow":["GET"]}}],"collection":[{"href":"https:\/\/faceprojecterasmus.eu\/it\/wp-json\/wp\/v2\/posts"}],"about":[{"href":"https:\/\/faceprojecterasmus.eu\/it\/wp-json\/wp\/v2\/types\/post"}],"author":[{"embeddable":true,"href":"https:\/\/faceprojecterasmus.eu\/it\/wp-json\/wp\/v2\/users\/5"}],"replies":[{"embeddable":true,"href":"https:\/\/faceprojecterasmus.eu\/it\/wp-json\/wp\/v2\/comments?post=14620"}],"version-history":[{"count":4,"href":"https:\/\/faceprojecterasmus.eu\/it\/wp-json\/wp\/v2\/posts\/14620\/revisions"}],"predecessor-version":[{"id":14647,"href":"https:\/\/faceprojecterasmus.eu\/it\/wp-json\/wp\/v2\/posts\/14620\/revisions\/14647"}],"wp:featuredmedia":[{"embeddable":true,"href":"https:\/\/faceprojecterasmus.eu\/it\/wp-json\/wp\/v2\/media\/14632"}],"wp:attachment":[{"href":"https:\/\/faceprojecterasmus.eu\/it\/wp-json\/wp\/v2\/media?parent=14620"}],"wp:term":[{"taxonomy":"category","embeddable":true,"href":"https:\/\/faceprojecterasmus.eu\/it\/wp-json\/wp\/v2\/categories?post=14620"},{"taxonomy":"post_tag","embeddable":true,"href":"https:\/\/faceprojecterasmus.eu\/it\/wp-json\/wp\/v2\/tags?post=14620"}],"curies":[{"name":"wp","href":"https:\/\/api.w.org\/{rel}","templated":true}]}}