{"id":14443,"date":"2024-03-27T14:29:33","date_gmt":"2024-03-27T13:29:33","guid":{"rendered":"https:\/\/faceprojecterasmus.eu\/sostenibilita-nelle-arti-e-nella-cultura\/"},"modified":"2024-03-27T14:39:31","modified_gmt":"2024-03-27T13:39:31","slug":"sostenibilita-nelle-arti-e-nella-cultura","status":"publish","type":"post","link":"https:\/\/faceprojecterasmus.eu\/it\/sostenibilita-nelle-arti-e-nella-cultura\/","title":{"rendered":"Sostenibilit\u00e0 nelle arti e nella cultura"},"content":{"rendered":"\t\t<div data-elementor-type=\"wp-post\" data-elementor-id=\"14443\" class=\"elementor elementor-14443 elementor-14415\">\n\t\t\t\t\t\t\t\t\t<section class=\"elementor-section elementor-top-section elementor-element elementor-element-3b311c75 elementor-section-boxed elementor-section-height-default elementor-section-height-default\" data-id=\"3b311c75\" data-element_type=\"section\">\n\t\t\t\t\t\t<div class=\"elementor-container elementor-column-gap-default\">\n\t\t\t\t\t<div class=\"elementor-column elementor-col-100 elementor-top-column elementor-element elementor-element-4e7834e8\" data-id=\"4e7834e8\" data-element_type=\"column\">\n\t\t\t<div class=\"elementor-widget-wrap elementor-element-populated\">\n\t\t\t\t\t\t\t\t<div class=\"elementor-element elementor-element-484d9750 elementor-widget elementor-widget-text-editor\" data-id=\"484d9750\" data-element_type=\"widget\" data-widget_type=\"text-editor.default\">\n\t\t\t\t<div class=\"elementor-widget-container\">\n\t\t\t<style>\/*! elementor - v3.16.0 - 09-10-2023 *\/\n.elementor-widget-text-editor.elementor-drop-cap-view-stacked .elementor-drop-cap{background-color:#69727d;color:#fff}.elementor-widget-text-editor.elementor-drop-cap-view-framed .elementor-drop-cap{color:#69727d;border:3px solid;background-color:transparent}.elementor-widget-text-editor:not(.elementor-drop-cap-view-default) .elementor-drop-cap{margin-top:8px}.elementor-widget-text-editor:not(.elementor-drop-cap-view-default) .elementor-drop-cap-letter{width:1em;height:1em}.elementor-widget-text-editor .elementor-drop-cap{float:left;text-align:center;line-height:1;font-size:50px}.elementor-widget-text-editor .elementor-drop-cap-letter{display:inline-block}<\/style>\t\t\t\t<p><span style=\"font-weight: 400;\">All&#8217;inizio degli anni Duemila,<strong>&#8220;sostenibilit\u00e0<\/strong>&#8221; \u00e8 diventata una parola d&#8217;ordine, ampiamente accolta ma con interpretazioni che spesso ne hanno diluito l&#8217;essenza. Tuttavia, la sua ascesa alla popolarit\u00e0 ha portato a una miriade di interpretazioni, alcune delle quali scalfiscono appena la superficie delle sue profonde implicazioni. All&#8217;interno del settore artistico, l&#8217;attenzione si \u00e8 spesso concentrata sulla garanzia di un sostegno finanziario a lungo termine. Tuttavia, la visione del progetto FACE trascende questa prospettiva limitata, mirando a esplorare le profondit\u00e0 della sostenibilit\u00e0 nelle sue forme pi\u00f9 ricche per l&#8217;educazione artistica e culturale.<\/span><\/p>\n<p><span style=\"font-weight: 400;\">In fondo, la sostenibilit\u00e0 delle arti ruota attorno ai <strong>contenuti<\/strong> che si scelgono per il coinvolgimento. Le opere d&#8217;arte e le attivit\u00e0 che affrontano la sostenibilit\u00e0 intrecciano idealmente narrazioni di giustizia sociale, diversit\u00e0 culturale ed equilibrio ecologico. Questo approccio va oltre l&#8217;affrontare questi temi in modo isolato, mirando invece a scoprire le intricate connessioni tra dimensioni culturali, sociali, economiche, politiche ed ecologiche. Quest&#8217;arte non si limita a mettere in luce le preoccupazioni individuali, ma illumina la complessa rete di interrelazioni che definiscono il nostro mondo, rendendola un potente veicolo per esplorare la sostenibilit\u00e0 nel suo senso pi\u00f9 completo.<\/span><\/p>\n<p><span style=\"font-weight: 400;\">La sostenibilit\u00e0 nelle arti richiede anche un&#8217;indagine etica pi\u00f9 profonda su cosa significhi <strong>giustizia, o<\/strong>giustizia, nell&#8217;attuale panorama globale. Ci sfida ad abbracciare una &#8220;cultura aperta&#8221; che riconosca la diversit\u00e0 culturale, sostenga la governance partecipativa e si armonizzi con il mondo naturale piuttosto che imporre la volont\u00e0 umana su di esso. Questa prospettiva incoraggia gli artisti e le istituzioni culturali a confrontarsi criticamente con i miti della modernit\u00e0, come le nozioni di progresso incessante, di benessere e di supremazia della tecnologia, e a mettere in discussione i ruoli e le strutture sociali in cui operano.<\/span><\/p>\n<p><span style=\"font-weight: 400;\">La sostenibilit\u00e0 nelle arti richiede anche un <strong>esame critico<\/strong> del mondo dell&#8217;arte stesso, comprese le sue istituzioni e le dinamiche di potere sottostanti. Facendo eco ai sentimenti del movimento Institutional Critique, riconosce che l&#8217;arte non esiste nel vuoto, ma \u00e8 profondamente inserita nelle strutture sociali che possono perpetuare l&#8217;elitarismo e la discriminazione sociale. Questa prospettiva spinge gli artisti e le organizzazioni artistiche a confrontarsi criticamente con il mercato dell&#8217;arte e il suo ruolo, sfidandolo a evolversi al di l\u00e0 di un bene di lusso o di un rifugio per l&#8217;assoluzione morale.<\/span><\/p>\n\t\t\t\t\t\t<\/div>\n\t\t\t\t<\/div>\n\t\t\t\t<div class=\"elementor-element elementor-element-fa60782 elementor-widget elementor-widget-image\" data-id=\"fa60782\" data-element_type=\"widget\" data-widget_type=\"image.default\">\n\t\t\t\t<div class=\"elementor-widget-container\">\n\t\t\t<style>\/*! elementor - v3.16.0 - 09-10-2023 *\/\n.elementor-widget-image{text-align:center}.elementor-widget-image a{display:inline-block}.elementor-widget-image a img[src$=\".svg\"]{width:48px}.elementor-widget-image img{vertical-align:middle;display:inline-block}<\/style>\t\t\t\t\t\t\t\t\t\t\t\t<img loading=\"lazy\" decoding=\"async\" width=\"768\" height=\"768\" src=\"https:\/\/faceprojecterasmus.eu\/wp-content\/uploads\/2024\/03\/promo-ideas-FACE-768x768.png\" class=\"attachment-medium_large size-medium_large wp-image-14428\" alt=\"\" srcset=\"https:\/\/faceprojecterasmus.eu\/wp-content\/uploads\/2024\/03\/promo-ideas-FACE-768x768.png 768w, https:\/\/faceprojecterasmus.eu\/wp-content\/uploads\/2024\/03\/promo-ideas-FACE-300x300.png 300w, https:\/\/faceprojecterasmus.eu\/wp-content\/uploads\/2024\/03\/promo-ideas-FACE-1024x1024.png 1024w, https:\/\/faceprojecterasmus.eu\/wp-content\/uploads\/2024\/03\/promo-ideas-FACE-150x150.png 150w, https:\/\/faceprojecterasmus.eu\/wp-content\/uploads\/2024\/03\/promo-ideas-FACE-480x480.png 480w, https:\/\/faceprojecterasmus.eu\/wp-content\/uploads\/2024\/03\/promo-ideas-FACE-270x270.png 270w, https:\/\/faceprojecterasmus.eu\/wp-content\/uploads\/2024\/03\/promo-ideas-FACE.png 1080w\" sizes=\"auto, (max-width: 768px) 100vw, 768px\" \/>\t\t\t\t\t\t\t\t\t\t\t\t\t\t\t<\/div>\n\t\t\t\t<\/div>\n\t\t\t\t\t<\/div>\n\t\t<\/div>\n\t\t\t\t\t\t\t<\/div>\n\t\t<\/section>\n\t\t\t\t<section class=\"elementor-section elementor-top-section elementor-element elementor-element-cb87fa6 elementor-section-boxed elementor-section-height-default elementor-section-height-default\" data-id=\"cb87fa6\" data-element_type=\"section\">\n\t\t\t\t\t\t<div class=\"elementor-container elementor-column-gap-default\">\n\t\t\t\t\t<div class=\"elementor-column elementor-col-100 elementor-top-column elementor-element elementor-element-910644b\" data-id=\"910644b\" data-element_type=\"column\">\n\t\t\t<div class=\"elementor-widget-wrap elementor-element-populated\">\n\t\t\t\t\t\t\t\t<div class=\"elementor-element elementor-element-9cdce79 elementor-widget elementor-widget-text-editor\" data-id=\"9cdce79\" data-element_type=\"widget\" data-widget_type=\"text-editor.default\">\n\t\t\t\t<div class=\"elementor-widget-container\">\n\t\t\t\t\t\t\t<p><span style=\"font-weight: 400;\">Il <strong>progetto FACE<\/strong>, fondato sull&#8217;etica dello sviluppo sostenibile e arricchito da una profonda comprensione dell&#8217;importanza della sostenibilit\u00e0 nel settore creativo, invita gli educatori, i giovani imprenditori creativi e aspiranti tali e la comunit\u00e0 in generale a intraprendere un viaggio di esplorazione e azione. Riflettendo la sostenibilit\u00e0 nell&#8217;educazione all&#8217;imprenditorialit\u00e0 creativa e culturale, miriamo a coltivare una generazione di pensatori e creatori che siano in grado di navigare e affrontare le complessit\u00e0 del nostro mondo.<\/span><\/p>\n<p><span style=\"font-weight: 400;\">Attraverso la creativit\u00e0, abbiamo il potere di immaginare e plasmare un futuro sostenibile, che onori l&#8217;interconnessione di tutte le vite e sostenga i valori della giustizia, della diversit\u00e0 e dell&#8217;integrit\u00e0 ecologica. Unisciti a noi per esplorare le nuove frontiere della sostenibilit\u00e0 nel settore creativo, promuovendo un paesaggio culturale che sia al tempo stesso riflessivo e trasformativo.<\/span><\/p><\/p>\n\t\t\t\t\t\t<\/div>\n\t\t\t\t<\/div>\n\t\t\t\t\t<\/div>\n\t\t<\/div>\n\t\t\t\t\t\t\t<\/div>\n\t\t<\/section>\n\t\t\t\t\t\t\t<\/div>\n\t\t","protected":false},"excerpt":{"rendered":"<p>Per scrivere il post perfetto, \u00e8 necessario suddividere il contenuto in paragrafi. La maggior parte dei blog utilizza i paragrafi, ma pochi li usano bene. Prendetevi il tempo di inserire i link nei vostri post&#8230;<\/p>\n","protected":false},"author":5,"featured_media":14438,"comment_status":"closed","ping_status":"closed","sticky":false,"template":"","format":"standard","meta":{"iawp_total_views":0,"footnotes":""},"categories":[129],"tags":[131,130,132,156],"class_list":["post-14443","post","type-post","status-publish","format-standard","has-post-thumbnail","hentry","category-industrie-creative-e-culturali","tag-creazione-di-posti-di-lavoro","tag-impatto","tag-linnovazione","tag-sostenibilita"],"_links":{"self":[{"href":"https:\/\/faceprojecterasmus.eu\/it\/wp-json\/wp\/v2\/posts\/14443","targetHints":{"allow":["GET"]}}],"collection":[{"href":"https:\/\/faceprojecterasmus.eu\/it\/wp-json\/wp\/v2\/posts"}],"about":[{"href":"https:\/\/faceprojecterasmus.eu\/it\/wp-json\/wp\/v2\/types\/post"}],"author":[{"embeddable":true,"href":"https:\/\/faceprojecterasmus.eu\/it\/wp-json\/wp\/v2\/users\/5"}],"replies":[{"embeddable":true,"href":"https:\/\/faceprojecterasmus.eu\/it\/wp-json\/wp\/v2\/comments?post=14443"}],"version-history":[{"count":3,"href":"https:\/\/faceprojecterasmus.eu\/it\/wp-json\/wp\/v2\/posts\/14443\/revisions"}],"predecessor-version":[{"id":14461,"href":"https:\/\/faceprojecterasmus.eu\/it\/wp-json\/wp\/v2\/posts\/14443\/revisions\/14461"}],"wp:featuredmedia":[{"embeddable":true,"href":"https:\/\/faceprojecterasmus.eu\/it\/wp-json\/wp\/v2\/media\/14438"}],"wp:attachment":[{"href":"https:\/\/faceprojecterasmus.eu\/it\/wp-json\/wp\/v2\/media?parent=14443"}],"wp:term":[{"taxonomy":"category","embeddable":true,"href":"https:\/\/faceprojecterasmus.eu\/it\/wp-json\/wp\/v2\/categories?post=14443"},{"taxonomy":"post_tag","embeddable":true,"href":"https:\/\/faceprojecterasmus.eu\/it\/wp-json\/wp\/v2\/tags?post=14443"}],"curies":[{"name":"wp","href":"https:\/\/api.w.org\/{rel}","templated":true}]}}