{"id":13704,"date":"2023-07-20T21:55:31","date_gmt":"2023-07-20T19:55:31","guid":{"rendered":"https:\/\/faceprojecterasmus.eu\/imprenditorialita-culturale-giovanile-sfruttare-la-creativita-per-la-crescita-economica\/"},"modified":"2024-07-15T11:01:25","modified_gmt":"2024-07-15T09:01:25","slug":"imprenditorialita-culturale-giovanile-sfruttare-la-creativita-per-la-crescita-economica","status":"publish","type":"post","link":"https:\/\/faceprojecterasmus.eu\/it\/imprenditorialita-culturale-giovanile-sfruttare-la-creativita-per-la-crescita-economica\/","title":{"rendered":"Imprenditorialit\u00e0 culturale giovanile: Sfruttare la creativit\u00e0 per la crescita economica"},"content":{"rendered":"\t\t<div data-elementor-type=\"wp-post\" data-elementor-id=\"13704\" class=\"elementor elementor-13704 elementor-12766\">\n\t\t\t\t\t\t\t\t\t<section class=\"elementor-section elementor-top-section elementor-element elementor-element-3b311c75 elementor-section-boxed elementor-section-height-default elementor-section-height-default\" data-id=\"3b311c75\" data-element_type=\"section\">\n\t\t\t\t\t\t<div class=\"elementor-container elementor-column-gap-default\">\n\t\t\t\t\t<div class=\"elementor-column elementor-col-100 elementor-top-column elementor-element elementor-element-4e7834e8\" data-id=\"4e7834e8\" data-element_type=\"column\">\n\t\t\t<div class=\"elementor-widget-wrap elementor-element-populated\">\n\t\t\t\t\t\t\t\t<div class=\"elementor-element elementor-element-484d9750 elementor-widget elementor-widget-text-editor\" data-id=\"484d9750\" data-element_type=\"widget\" data-widget_type=\"text-editor.default\">\n\t\t\t\t<div class=\"elementor-widget-container\">\n\t\t\t<style>\/*! elementor - v3.16.0 - 09-10-2023 *\/\n.elementor-widget-text-editor.elementor-drop-cap-view-stacked .elementor-drop-cap{background-color:#69727d;color:#fff}.elementor-widget-text-editor.elementor-drop-cap-view-framed .elementor-drop-cap{color:#69727d;border:3px solid;background-color:transparent}.elementor-widget-text-editor:not(.elementor-drop-cap-view-default) .elementor-drop-cap{margin-top:8px}.elementor-widget-text-editor:not(.elementor-drop-cap-view-default) .elementor-drop-cap-letter{width:1em;height:1em}.elementor-widget-text-editor .elementor-drop-cap{float:left;text-align:center;line-height:1;font-size:50px}.elementor-widget-text-editor .elementor-drop-cap-letter{display:inline-block}<\/style>\t\t\t\t<p>L&#8217;imprenditorialit\u00e0 culturale giovanile \u00e8 una forza dinamica e trasformativa nell&#8217;economia globale di oggi. Rappresenta una fusione tra espressione creativa e capacit\u00e0 imprenditoriale, che permette ai giovani di trasformare la loro passione per l&#8217;arte, la cultura e la creativit\u00e0 in imprese sostenibili e redditizie. Questa tendenza emergente non solo d\u00e0 potere ai giovani, ma contribuisce anche alla crescita economica, all&#8217;innovazione e alla conservazione del patrimonio culturale. In questo articolo esploreremo il concetto di imprenditorialit\u00e0 culturale giovanile, il suo significato e il modo in cui sta ridisegnando il panorama imprenditoriale.<\/p>\n<p><b>Comprendere l&#8217;imprenditorialit\u00e0 culturale giovanile<\/b><\/p>\n<p>L&#8217;imprenditoria culturale giovanile \u00e8 essenzialmente il processo di creazione e gestione di imprese incentrate su prodotti e servizi culturali e creativi. Comprende un&#8217;ampia gamma di attivit\u00e0, tra cui la produzione musicale, il design della moda, la produzione di film e video, le arti culinarie, il design grafico e altro ancora. Ci\u00f2 che la distingue dall&#8217;imprenditoria tradizionale \u00e8 l&#8217;enfasi sull&#8217;espressione artistica e sulla conservazione e promozione della diversit\u00e0 culturale.<\/p>\n\t\t\t\t\t\t<\/div>\n\t\t\t\t<\/div>\n\t\t\t\t\t<\/div>\n\t\t<\/div>\n\t\t\t\t\t\t\t<\/div>\n\t\t<\/section>\n\t\t\t\t<section class=\"elementor-section elementor-top-section elementor-element elementor-element-19b662e elementor-section-boxed elementor-section-height-default elementor-section-height-default\" data-id=\"19b662e\" data-element_type=\"section\">\n\t\t\t\t\t\t<div class=\"elementor-container elementor-column-gap-default\">\n\t\t\t\t\t<div class=\"elementor-column elementor-col-100 elementor-top-column elementor-element elementor-element-e6502cb\" data-id=\"e6502cb\" data-element_type=\"column\" data-settings=\"{&quot;background_background&quot;:&quot;classic&quot;}\">\n\t\t\t<div class=\"elementor-widget-wrap elementor-element-populated\">\n\t\t\t\t\t\t\t\t<div class=\"elementor-element elementor-element-e5d57ff elementor-widget elementor-widget-text-editor\" data-id=\"e5d57ff\" data-element_type=\"widget\" data-widget_type=\"text-editor.default\">\n\t\t\t\t<div class=\"elementor-widget-container\">\n\t\t\t\t\t\t\t<blockquote>\n<div class=\"group w-full text-token-text-primary border-b border-black\/10 dark:border-gray-900\/50 bg-gray-50 dark:bg-[#444654]\" data-testid=\"conversation-turn-3\">\n<div class=\"p-4 justify-center text-base md:gap-6 md:py-6 m-auto\">\n<div class=\"flex flex-1 gap-4 text-base mx-auto md:gap-6 md:max-w-2xl lg:max-w-[38rem] xl:max-w-3xl }\">\n<div class=\"relative flex w-[calc(100%-50px)] flex-col gap-1 md:gap-3 lg:w-[calc(100%-115px)]\">\n<div class=\"flex flex-grow flex-col gap-3 max-w-full\">\n<div class=\"min-h-[20px] flex flex-col items-start gap-3 overflow-x-auto whitespace-pre-wrap break-words\">\n<div class=\"markdown prose w-full break-words dark:prose-invert light\">\n<p>L&#8217;imprenditorialit\u00e0 culturale giovanile \u00e8 una forza potente che guida la crescita economica, promuove l&#8217;innovazione e preserva il patrimonio culturale. I giovani che combinano la loro passione per la creativit\u00e0 con lo spirito imprenditoriale stanno plasmando il panorama imprenditoriale in modi unici e trasformativi. I governi, le organizzazioni e le comunit\u00e0 dovrebbero continuare a sostenere e potenziare questi giovani imprenditori culturali, riconoscendo il loro potenziale per guidare un cambiamento positivo e contribuire a un&#8217;economia globale pi\u00f9 vivace e diversificata. Cos\u00ec facendo, possiamo garantire che la creativit\u00e0 continui a prosperare e che il nostro patrimonio culturale sia preservato per le generazioni future.<\/p>\n<\/div>\n<\/div>\n<\/div>\n<\/div>\n<\/div>\n<\/div>\n<\/div>\n<\/blockquote>\t\t\t\t\t\t<\/div>\n\t\t\t\t<\/div>\n\t\t\t\t\t<\/div>\n\t\t<\/div>\n\t\t\t\t\t\t\t<\/div>\n\t\t<\/section>\n\t\t\t\t<section class=\"elementor-section elementor-top-section elementor-element elementor-element-574ede0 elementor-section-boxed elementor-section-height-default elementor-section-height-default\" data-id=\"574ede0\" data-element_type=\"section\">\n\t\t\t\t\t\t<div class=\"elementor-container elementor-column-gap-default\">\n\t\t\t\t\t<div class=\"elementor-column elementor-col-100 elementor-top-column elementor-element elementor-element-5753ea3\" data-id=\"5753ea3\" data-element_type=\"column\">\n\t\t\t<div class=\"elementor-widget-wrap elementor-element-populated\">\n\t\t\t\t\t\t\t\t<div class=\"elementor-element elementor-element-22970bc elementor-widget elementor-widget-text-editor\" data-id=\"22970bc\" data-element_type=\"widget\" data-widget_type=\"text-editor.default\">\n\t\t\t\t<div class=\"elementor-widget-container\">\n\t\t\t\t\t\t\t<p><strong>Importanza dell&#8217;imprenditorialit\u00e0 culturale giovanile<\/strong><\/p>\n<ol>\n<li>Crescita economica: L&#8217;imprenditorialit\u00e0 culturale giovanile svolge un ruolo cruciale nel favorire la crescita economica. Le industrie creative contribuiscono in modo significativo al PIL di una nazione e, sostenendo e coltivando i giovani imprenditori culturali, i Paesi possono sfruttare questo potenziale economico. Queste iniziative generano entrate attraverso la vendita di prodotti culturali, incrementando cos\u00ec l&#8217;occupazione e stimolando l&#8217;attivit\u00e0 economica.\n<\/li>\n<li>Innovazione: Gli imprenditori culturali sono spesso all&#8217;avanguardia nell&#8217;innovazione. Le loro prospettive uniche e il loro pensiero creativo portano allo sviluppo di nuovi prodotti, servizi ed esperienze. Questa innovazione non solo va a vantaggio delle loro aziende, ma ha anche un effetto a catena su altri settori.\n<\/li>\n<li>Conservazione culturale: In un mondo sempre pi\u00f9 globalizzato, preservare e promuovere il patrimonio culturale \u00e8 fondamentale. I giovani imprenditori culturali spesso traggono ispirazione dal loro background culturale e usano le loro imprese come piattaforme per mostrare e celebrare il loro patrimonio. Ci\u00f2 contribuisce a preservare le tradizioni e la diversit\u00e0 culturale.\n<\/li>\n<li>Impatto sociale: L&#8217;imprenditorialit\u00e0 culturale pu\u00f2 avere un profondo impatto sociale. Queste imprese spesso si impegnano con le comunit\u00e0, danno potere ai gruppi emarginati e affrontano i problemi sociali con soluzioni creative. Possono fungere da catalizzatori di cambiamenti positivi e contribuire alla costruzione di societ\u00e0 pi\u00f9 inclusive.<\/li>\n<\/ol>\n<p><strong>Sfide e opportunit\u00e0<\/strong><\/p>\n<p>Sebbene l&#8217;imprenditoria culturale giovanile offra un immenso potenziale, non \u00e8 priva di sfide. Alcuni degli ostacoli pi\u00f9 comuni sono:<\/p>\n<ol>\n<li>Barriere finanziarie: L&#8217;avvio e il mantenimento di un&#8217;attivit\u00e0 culturale possono richiedere un elevato impiego di capitale. I giovani imprenditori possono avere difficolt\u00e0 a ottenere finanziamenti o ad accedere alle risorse per dare vita alle loro visioni creative.<\/li>\n<li>Concorrenza di mercato: Le industrie creative sono altamente competitive, con operatori affermati che dominano il mercato. I giovani imprenditori devono trovare modi innovativi per distinguersi e raggiungere il loro pubblico di riferimento.<\/li>\n<li>Propriet\u00e0 intellettuale: La protezione della propriet\u00e0 intellettuale, come la musica, l&#8217;arte e il design, pu\u00f2 essere complessa e costosa. Gli imprenditori devono gestire con attenzione le questioni relative al copyright e ai marchi.  <\/li>\n<li>Sostenibilit\u00e0: Bilanciare creativit\u00e0 e sostenibilit\u00e0 finanziaria pu\u00f2 essere una sfida. I giovani imprenditori culturali devono sviluppare strategie commerciali che garantiscano la redditivit\u00e0 a lungo termine.<\/li>\n<\/ol>\n<p>Nonostante queste sfide, esistono numerose opportunit\u00e0 per i giovani imprenditori culturali. L&#8217;era digitale ha democratizzato l&#8217;accesso ai mercati globali, consentendo agli imprenditori di raggiungere un pubblico pi\u00f9 vasto che mai. Anche le piattaforme di crowdfunding e le sovvenzioni appositamente concepite per le iniziative culturali possono fornire il sostegno finanziario necessario. La collaborazione con istituzioni consolidate, i programmi di mentorship e gli eventi di networking possono aiutare a colmare il divario tra creativit\u00e0 e imprenditorialit\u00e0.<\/p>\n\t\t\t\t\t\t<\/div>\n\t\t\t\t<\/div>\n\t\t\t\t\t<\/div>\n\t\t<\/div>\n\t\t\t\t\t\t\t<\/div>\n\t\t<\/section>\n\t\t\t\t<section class=\"elementor-section elementor-top-section elementor-element elementor-element-e2b3b3b elementor-section-boxed elementor-section-height-default elementor-section-height-default\" data-id=\"e2b3b3b\" data-element_type=\"section\">\n\t\t\t\t\t\t<div class=\"elementor-container elementor-column-gap-default\">\n\t\t\t\t\t<div class=\"elementor-column elementor-col-100 elementor-top-column elementor-element elementor-element-31b2d1e\" data-id=\"31b2d1e\" data-element_type=\"column\">\n\t\t\t<div class=\"elementor-widget-wrap elementor-element-populated\">\n\t\t\t\t\t\t\t\t<div class=\"elementor-element elementor-element-fa60782 elementor-widget elementor-widget-image\" data-id=\"fa60782\" data-element_type=\"widget\" data-widget_type=\"image.default\">\n\t\t\t\t<div class=\"elementor-widget-container\">\n\t\t\t<style>\/*! elementor - v3.16.0 - 09-10-2023 *\/\n.elementor-widget-image{text-align:center}.elementor-widget-image a{display:inline-block}.elementor-widget-image a img[src$=\".svg\"]{width:48px}.elementor-widget-image img{vertical-align:middle;display:inline-block}<\/style>\t\t\t\t\t\t\t\t\t\t\t\t<img loading=\"lazy\" decoding=\"async\" width=\"175\" height=\"300\" src=\"https:\/\/faceprojecterasmus.eu\/wp-content\/uploads\/2023\/09\/Ampoule-175x300.png\" class=\"attachment-medium size-medium wp-image-13593\" alt=\"\" srcset=\"https:\/\/faceprojecterasmus.eu\/wp-content\/uploads\/2023\/09\/Ampoule-175x300.png 175w, https:\/\/faceprojecterasmus.eu\/wp-content\/uploads\/2023\/09\/Ampoule.png 554w\" sizes=\"auto, (max-width: 175px) 100vw, 175px\" \/>\t\t\t\t\t\t\t\t\t\t\t\t\t\t\t<\/div>\n\t\t\t\t<\/div>\n\t\t\t\t\t<\/div>\n\t\t<\/div>\n\t\t\t\t\t\t\t<\/div>\n\t\t<\/section>\n\t\t\t\t<section class=\"elementor-section elementor-top-section elementor-element elementor-element-cb87fa6 elementor-section-boxed elementor-section-height-default elementor-section-height-default\" data-id=\"cb87fa6\" data-element_type=\"section\">\n\t\t\t\t\t\t<div class=\"elementor-container elementor-column-gap-default\">\n\t\t\t\t\t<div class=\"elementor-column elementor-col-100 elementor-top-column elementor-element elementor-element-910644b\" data-id=\"910644b\" data-element_type=\"column\">\n\t\t\t<div class=\"elementor-widget-wrap elementor-element-populated\">\n\t\t\t\t\t\t\t\t<div class=\"elementor-element elementor-element-c228293 elementor-widget elementor-widget-heading\" data-id=\"c228293\" data-element_type=\"widget\" data-widget_type=\"heading.default\">\n\t\t\t\t<div class=\"elementor-widget-container\">\n\t\t\t<style>\/*! elementor - v3.16.0 - 09-10-2023 *\/\n.elementor-heading-title{padding:0;margin:0;line-height:1}.elementor-widget-heading .elementor-heading-title[class*=elementor-size-]>a{color:inherit;font-size:inherit;line-height:inherit}.elementor-widget-heading .elementor-heading-title.elementor-size-small{font-size:15px}.elementor-widget-heading .elementor-heading-title.elementor-size-medium{font-size:19px}.elementor-widget-heading .elementor-heading-title.elementor-size-large{font-size:29px}.elementor-widget-heading .elementor-heading-title.elementor-size-xl{font-size:39px}.elementor-widget-heading .elementor-heading-title.elementor-size-xxl{font-size:59px}<\/style><h2 class=\"elementor-heading-title elementor-size-default\">Conclusione  <\/h2>\t\t<\/div>\n\t\t\t\t<\/div>\n\t\t\t\t<div class=\"elementor-element elementor-element-9cdce79 elementor-widget elementor-widget-text-editor\" data-id=\"9cdce79\" data-element_type=\"widget\" data-widget_type=\"text-editor.default\">\n\t\t\t\t<div class=\"elementor-widget-container\">\n\t\t\t\t\t\t\t<div class=\"group w-full text-token-text-primary border-b border-black\/10 dark:border-gray-900\/50 bg-gray-50 dark:bg-[#444654]\" data-testid=\"conversation-turn-3\">\n<div class=\"p-4 justify-center text-base md:gap-6 md:py-6 m-auto\">\n<div class=\"flex flex-1 gap-4 text-base mx-auto md:gap-6 md:max-w-2xl lg:max-w-[38rem] xl:max-w-3xl }\">\n<div class=\"relative flex w-[calc(100%-50px)] flex-col gap-1 md:gap-3 lg:w-[calc(100%-115px)]\">\n<div class=\"flex flex-grow flex-col gap-3 max-w-full\">\n<div class=\"min-h-[20px] flex flex-col items-start gap-3 overflow-x-auto whitespace-pre-wrap break-words\">\n<div class=\"markdown prose w-full break-words dark:prose-invert light\">\n<p>L&#8217;imprenditorialit\u00e0 culturale giovanile \u00e8 una forza potente che guida la crescita economica, promuove l&#8217;innovazione e preserva il patrimonio culturale. I giovani che combinano la loro passione per la creativit\u00e0 con lo spirito imprenditoriale stanno plasmando il panorama imprenditoriale in modi unici e trasformativi. I governi, le organizzazioni e le comunit\u00e0 dovrebbero continuare a sostenere e potenziare questi giovani imprenditori culturali, riconoscendo il loro potenziale per guidare un cambiamento positivo e contribuire a un&#8217;economia globale pi\u00f9 vivace e diversificata. Cos\u00ec facendo, possiamo garantire che la creativit\u00e0 continui a prosperare e che il nostro patrimonio culturale sia preservato per le generazioni future.<\/p>\n<\/div>\n<\/div>\n<\/div>\n<div class=\"flex justify-between lg:block\">\n<div class=\"text-gray-400 flex self-end lg:self-center justify-center mt-2 gap-2 md:gap-3 lg:gap-1 lg:absolute lg:top-0 lg:translate-x-full lg:right-0 lg:mt-0 lg:pl-2 visible\"><button class=\"flex ml-auto gap-2 rounded-md p-1 hover:bg-gray-100 hover:text-gray-700 dark:text-gray-400 dark:hover:bg-gray-700 dark:hover:text-gray-200 disabled:dark:hover:text-gray-400\"><\/button><\/p>\n<div class=\"flex gap-1\"> <\/div>\n<\/div>\n<\/div>\n<\/div>\n<\/div>\n<\/div>\n<\/div>\n\t\t\t\t\t\t<\/div>\n\t\t\t\t<\/div>\n\t\t\t\t\t<\/div>\n\t\t<\/div>\n\t\t\t\t\t\t\t<\/div>\n\t\t<\/section>\n\t\t\t\t\t\t\t<\/div>\n\t\t","protected":false},"excerpt":{"rendered":"<p>Per scrivere il post perfetto, \u00e8 necessario suddividere il contenuto in paragrafi. La maggior parte dei blog utilizza i paragrafi, ma pochi li usano bene. Prendetevi il tempo di inserire i link nei vostri post&#8230;<\/p>\n","protected":false},"author":1,"featured_media":13617,"comment_status":"closed","ping_status":"closed","sticky":false,"template":"","format":"standard","meta":{"iawp_total_views":0,"footnotes":""},"categories":[134],"tags":[138,141,140,137],"class_list":["post-13704","post","type-post","status-publish","format-standard","has-post-thumbnail","hentry","category-imprenditorialita-culturale","tag-economia","tag-imprenditorialita","tag-occupabilita","tag-strategia"],"_links":{"self":[{"href":"https:\/\/faceprojecterasmus.eu\/it\/wp-json\/wp\/v2\/posts\/13704","targetHints":{"allow":["GET"]}}],"collection":[{"href":"https:\/\/faceprojecterasmus.eu\/it\/wp-json\/wp\/v2\/posts"}],"about":[{"href":"https:\/\/faceprojecterasmus.eu\/it\/wp-json\/wp\/v2\/types\/post"}],"author":[{"embeddable":true,"href":"https:\/\/faceprojecterasmus.eu\/it\/wp-json\/wp\/v2\/users\/1"}],"replies":[{"embeddable":true,"href":"https:\/\/faceprojecterasmus.eu\/it\/wp-json\/wp\/v2\/comments?post=13704"}],"version-history":[{"count":3,"href":"https:\/\/faceprojecterasmus.eu\/it\/wp-json\/wp\/v2\/posts\/13704\/revisions"}],"predecessor-version":[{"id":14646,"href":"https:\/\/faceprojecterasmus.eu\/it\/wp-json\/wp\/v2\/posts\/13704\/revisions\/14646"}],"wp:featuredmedia":[{"embeddable":true,"href":"https:\/\/faceprojecterasmus.eu\/it\/wp-json\/wp\/v2\/media\/13617"}],"wp:attachment":[{"href":"https:\/\/faceprojecterasmus.eu\/it\/wp-json\/wp\/v2\/media?parent=13704"}],"wp:term":[{"taxonomy":"category","embeddable":true,"href":"https:\/\/faceprojecterasmus.eu\/it\/wp-json\/wp\/v2\/categories?post=13704"},{"taxonomy":"post_tag","embeddable":true,"href":"https:\/\/faceprojecterasmus.eu\/it\/wp-json\/wp\/v2\/tags?post=13704"}],"curies":[{"name":"wp","href":"https:\/\/api.w.org\/{rel}","templated":true}]}}