{"id":14513,"date":"2024-05-06T11:51:48","date_gmt":"2024-05-06T09:51:48","guid":{"rendered":"https:\/\/faceprojecterasmus.eu\/le-visage-de-lavenir-de-leurope-investir-dans-lentrepreneuriat-culturel-pour-reduire-le-chomage-des-jeunes\/"},"modified":"2024-07-15T11:09:42","modified_gmt":"2024-07-15T09:09:42","slug":"le-visage-de-lavenir-de-leurope-investir-dans-lentrepreneuriat-culturel-pour-reduire-le-chomage-des-jeunes","status":"publish","type":"post","link":"https:\/\/faceprojecterasmus.eu\/fr\/le-visage-de-lavenir-de-leurope-investir-dans-lentrepreneuriat-culturel-pour-reduire-le-chomage-des-jeunes\/","title":{"rendered":"Le visage de l&#8217;avenir de l&#8217;Europe : Investir dans l&#8217;entrepreneuriat culturel pour r\u00e9duire le ch\u00f4mage des jeunes"},"content":{"rendered":"\t\t<div data-elementor-type=\"wp-post\" data-elementor-id=\"14513\" class=\"elementor elementor-14513 elementor-14485\">\n\t\t\t\t\t\t\t\t\t<section class=\"elementor-section elementor-top-section elementor-element elementor-element-3b311c75 elementor-section-boxed elementor-section-height-default elementor-section-height-default\" data-id=\"3b311c75\" data-element_type=\"section\">\n\t\t\t\t\t\t<div class=\"elementor-container elementor-column-gap-default\">\n\t\t\t\t\t<div class=\"elementor-column elementor-col-100 elementor-top-column elementor-element elementor-element-4e7834e8\" data-id=\"4e7834e8\" data-element_type=\"column\">\n\t\t\t<div class=\"elementor-widget-wrap elementor-element-populated\">\n\t\t\t\t\t\t\t\t<div class=\"elementor-element elementor-element-484d9750 elementor-widget elementor-widget-text-editor\" data-id=\"484d9750\" data-element_type=\"widget\" data-widget_type=\"text-editor.default\">\n\t\t\t\t<div class=\"elementor-widget-container\">\n\t\t\t<style>\/*! elementor - v3.16.0 - 09-10-2023 *\/\n.elementor-widget-text-editor.elementor-drop-cap-view-stacked .elementor-drop-cap{background-color:#69727d;color:#fff}.elementor-widget-text-editor.elementor-drop-cap-view-framed .elementor-drop-cap{color:#69727d;border:3px solid;background-color:transparent}.elementor-widget-text-editor:not(.elementor-drop-cap-view-default) .elementor-drop-cap{margin-top:8px}.elementor-widget-text-editor:not(.elementor-drop-cap-view-default) .elementor-drop-cap-letter{width:1em;height:1em}.elementor-widget-text-editor .elementor-drop-cap{float:left;text-align:center;line-height:1;font-size:50px}.elementor-widget-text-editor .elementor-drop-cap-letter{display:inline-block}<\/style>\t\t\t\t<p>Dans le cadre d&#8217;une tentative ambitieuse visant \u00e0 r\u00e9duire les taux \u00e9lev\u00e9s de ch\u00f4mage des jeunes dans l&#8217;Union europ\u00e9enne, cette derni\u00e8re se tourne de plus en plus vers l&#8217;entrepreneuriat culturel en tant que pilier strat\u00e9gique de la revitalisation \u00e9conomique et de la cr\u00e9ation d&#8217;emplois. Les secteurs culturels \u00e9tant connus pour leur adaptabilit\u00e9 dynamique et leur fort engagement aupr\u00e8s des jeunes, la Commission europ\u00e9enne est \u00e0 l&#8217;origine d&#8217;initiatives qui allient la vigueur culturelle \u00e0 l&#8217;esprit d&#8217;entreprise.<\/p>\n<p>Les r\u00e9cents documents politiques de la Commission europ\u00e9enne sugg\u00e8rent un effort strat\u00e9gique pour d\u00e9velopper les secteurs culturels en tant que p\u00f4les d&#8217;innovation et de cr\u00e9ation d&#8217;emplois. Le financement du programme <strong>Erasmus+<\/strong> et d&#8217;autres instruments financiers de l&#8217;UE est orient\u00e9 vers des projets qui soutiennent les comp\u00e9tences culturelles et cr\u00e9atives des jeunes Europ\u00e9ens, dans le but de les transformer en opportunit\u00e9s commerciales durables.<\/p>\n\t\t\t\t\t\t<\/div>\n\t\t\t\t<\/div>\n\t\t\t\t<div class=\"elementor-element elementor-element-fa60782 elementor-widget elementor-widget-image\" data-id=\"fa60782\" data-element_type=\"widget\" data-widget_type=\"image.default\">\n\t\t\t\t<div class=\"elementor-widget-container\">\n\t\t\t<style>\/*! elementor - v3.16.0 - 09-10-2023 *\/\n.elementor-widget-image{text-align:center}.elementor-widget-image a{display:inline-block}.elementor-widget-image a img[src$=\".svg\"]{width:48px}.elementor-widget-image img{vertical-align:middle;display:inline-block}<\/style>\t\t\t\t\t\t\t\t\t\t\t\t<img loading=\"lazy\" decoding=\"async\" width=\"768\" height=\"200\" src=\"https:\/\/faceprojecterasmus.eu\/wp-content\/uploads\/2024\/05\/Erasmus-768x200.png\" class=\"attachment-medium_large size-medium_large wp-image-14492\" alt=\"\" srcset=\"https:\/\/faceprojecterasmus.eu\/wp-content\/uploads\/2024\/05\/Erasmus-768x200.png 768w, https:\/\/faceprojecterasmus.eu\/wp-content\/uploads\/2024\/05\/Erasmus-300x78.png 300w, https:\/\/faceprojecterasmus.eu\/wp-content\/uploads\/2024\/05\/Erasmus.png 996w\" sizes=\"auto, (max-width: 768px) 100vw, 768px\" \/>\t\t\t\t\t\t\t\t\t\t\t\t\t\t\t<\/div>\n\t\t\t\t<\/div>\n\t\t\t\t\t<\/div>\n\t\t<\/div>\n\t\t\t\t\t\t\t<\/div>\n\t\t<\/section>\n\t\t\t\t<section class=\"elementor-section elementor-top-section elementor-element elementor-element-cb87fa6 elementor-section-boxed elementor-section-height-default elementor-section-height-default\" data-id=\"cb87fa6\" data-element_type=\"section\">\n\t\t\t\t\t\t<div class=\"elementor-container elementor-column-gap-default\">\n\t\t\t\t\t<div class=\"elementor-column elementor-col-100 elementor-top-column elementor-element elementor-element-910644b\" data-id=\"910644b\" data-element_type=\"column\">\n\t\t\t<div class=\"elementor-widget-wrap elementor-element-populated\">\n\t\t\t\t\t\t\t\t<div class=\"elementor-element elementor-element-9cdce79 elementor-widget elementor-widget-text-editor\" data-id=\"9cdce79\" data-element_type=\"widget\" data-widget_type=\"text-editor.default\">\n\t\t\t\t<div class=\"elementor-widget-container\">\n\t\t\t\t\t\t\t<p>L&#8217;une des initiatives phares de cette strat\u00e9gie est le projet financ\u00e9 par Erasmus+ &#8220;Fostering Awareness on Youth Cultural Entrepreneurship&#8221;<strong>(FACE)<\/strong>. Ce projet illustre l&#8217;engagement de l&#8217;UE \u00e0 int\u00e9grer des comp\u00e9tences commerciales culturelles dans les programmes d&#8217;\u00e9ducation et d&#8217;emploi des jeunes. FACE vise \u00e0 doter les jeunes Europ\u00e9ens des comp\u00e9tences n\u00e9cessaires pour lancer et g\u00e9rer des entreprises culturelles, en s&#8217;appuyant sur les secteurs cr\u00e9atifs qui sont essentiels au d\u00e9veloppement \u00e9conomique durable.<\/p>\n\t\t\t\t\t\t<\/div>\n\t\t\t\t<\/div>\n\t\t\t\t<div class=\"elementor-element elementor-element-b12a097 elementor-widget elementor-widget-image\" data-id=\"b12a097\" data-element_type=\"widget\" data-widget_type=\"image.default\">\n\t\t\t\t<div class=\"elementor-widget-container\">\n\t\t\t\t\t\t\t\t\t\t\t\t\t\t\t<img loading=\"lazy\" decoding=\"async\" width=\"1024\" height=\"391\" src=\"https:\/\/faceprojecterasmus.eu\/wp-content\/uploads\/2024\/05\/FACE-social-media-post-1-1024x391.jpg\" class=\"attachment-large size-large wp-image-14505\" alt=\"\" srcset=\"https:\/\/faceprojecterasmus.eu\/wp-content\/uploads\/2024\/05\/FACE-social-media-post-1-1024x391.jpg 1024w, https:\/\/faceprojecterasmus.eu\/wp-content\/uploads\/2024\/05\/FACE-social-media-post-1-300x115.jpg 300w, https:\/\/faceprojecterasmus.eu\/wp-content\/uploads\/2024\/05\/FACE-social-media-post-1-768x294.jpg 768w, https:\/\/faceprojecterasmus.eu\/wp-content\/uploads\/2024\/05\/FACE-social-media-post-1-1536x587.jpg 1536w, https:\/\/faceprojecterasmus.eu\/wp-content\/uploads\/2024\/05\/FACE-social-media-post-1-2048x783.jpg 2048w, https:\/\/faceprojecterasmus.eu\/wp-content\/uploads\/2024\/05\/FACE-social-media-post-1-1320x505.jpg 1320w, https:\/\/faceprojecterasmus.eu\/wp-content\/uploads\/2024\/05\/FACE-social-media-post-1-1140x436.jpg 1140w\" sizes=\"auto, (max-width: 1024px) 100vw, 1024px\" \/>\t\t\t\t\t\t\t\t\t\t\t\t\t\t\t<\/div>\n\t\t\t\t<\/div>\n\t\t\t\t\t<\/div>\n\t\t<\/div>\n\t\t\t\t\t\t\t<\/div>\n\t\t<\/section>\n\t\t\t\t<section class=\"elementor-section elementor-top-section elementor-element elementor-element-45a04ba elementor-section-boxed elementor-section-height-default elementor-section-height-default\" data-id=\"45a04ba\" data-element_type=\"section\">\n\t\t\t\t\t\t<div class=\"elementor-container elementor-column-gap-default\">\n\t\t\t\t\t<div class=\"elementor-column elementor-col-100 elementor-top-column elementor-element elementor-element-7a02fd5\" data-id=\"7a02fd5\" data-element_type=\"column\">\n\t\t\t<div class=\"elementor-widget-wrap elementor-element-populated\">\n\t\t\t\t\t\t\t\t<div class=\"elementor-element elementor-element-a09dc33 elementor-widget elementor-widget-text-editor\" data-id=\"a09dc33\" data-element_type=\"widget\" data-widget_type=\"text-editor.default\">\n\t\t\t\t<div class=\"elementor-widget-container\">\n\t\t\t\t\t\t\t<p>Le vice-pr\u00e9sident de la Commission europ\u00e9enne, Margaritis Schinas, a soulign\u00e9 le r\u00f4le central de la culture et des arts dans les objectifs civiques et sociaux fondamentaux de l&#8217;Europe. Dans une d\u00e9claration, il a soulign\u00e9 que la culture et les arts incarnent des valeurs telles que la d\u00e9mocratie, la libert\u00e9, la tol\u00e9rance et le respect.<\/p>\n<p>Selon des donn\u00e9es r\u00e9centes d&#8217;Eurostat, le ch\u00f4mage des jeunes dans l&#8217;UE reste un d\u00e9fi, avec des taux nettement plus \u00e9lev\u00e9s chez les moins de 25 ans. Des initiatives telles que FACE visent \u00e0 offrir aux jeunes des parcours professionnels qui tirent parti de leur cr\u00e9ativit\u00e9 et de leurs connaissances culturelles, abordant ainsi la crise du ch\u00f4mage d&#8217;une mani\u00e8re novatrice et efficace.<\/p>\n\t\t\t\t\t\t<\/div>\n\t\t\t\t<\/div>\n\t\t\t\t\t<\/div>\n\t\t<\/div>\n\t\t\t\t\t\t\t<\/div>\n\t\t<\/section>\n\t\t\t\t<section class=\"elementor-section elementor-top-section elementor-element elementor-element-0870070 elementor-section-boxed elementor-section-height-default elementor-section-height-default\" data-id=\"0870070\" data-element_type=\"section\">\n\t\t\t\t\t\t<div class=\"elementor-container elementor-column-gap-default\">\n\t\t\t\t\t<div class=\"elementor-column elementor-col-100 elementor-top-column elementor-element elementor-element-25dece0\" data-id=\"25dece0\" data-element_type=\"column\">\n\t\t\t<div class=\"elementor-widget-wrap elementor-element-populated\">\n\t\t\t\t\t\t\t\t<div class=\"elementor-element elementor-element-14152a7 elementor-widget elementor-widget-text-editor\" data-id=\"14152a7\" data-element_type=\"widget\" data-widget_type=\"text-editor.default\">\n\t\t\t\t<div class=\"elementor-widget-container\">\n\t\t\t\t\t\t\t<p>Outre le projet FACE, l&#8217;UE \u00e9tend \u00e9galement son soutien \u00e0 l&#8217;incubation culturelle<br \/>dans toute l&#8217;Europe. Ces centres sont essentiels pour fournir l&#8217;infrastructure et les<br \/>le mentorat dont les jeunes entrepreneurs ont besoin pour prosp\u00e9rer. Ils servent de p\u00f4les cr\u00e9atifs o\u00f9 l&#8217;innovation rencontre la tradition, offrant un environnement propice au d\u00e9veloppement des entreprises.<\/p>\n<p>Cet axe strat\u00e9gique vise non seulement \u00e0 r\u00e9duire le ch\u00f4mage des jeunes Europ\u00e9ens, mais aussi \u00e0 renforcer la coh\u00e9sion sociale et \u00e0 promouvoir la croissance durable des \u00e9conomies locales par le biais d&#8217;activit\u00e9s culturelles. La Commission europ\u00e9enne et ses services culturels collaborent activement avec les \u00c9tats membres pour assurer la bonne mise en \u0153uvre de ces programmes.<\/p>\n\t\t\t\t\t\t<\/div>\n\t\t\t\t<\/div>\n\t\t\t\t\t<\/div>\n\t\t<\/div>\n\t\t\t\t\t\t\t<\/div>\n\t\t<\/section>\n\t\t\t\t<section class=\"elementor-section elementor-top-section elementor-element elementor-element-acb6db8 elementor-section-boxed elementor-section-height-default elementor-section-height-default\" data-id=\"acb6db8\" data-element_type=\"section\">\n\t\t\t\t\t\t<div class=\"elementor-container elementor-column-gap-default\">\n\t\t\t\t\t<div class=\"elementor-column elementor-col-100 elementor-top-column elementor-element elementor-element-f322b84\" data-id=\"f322b84\" data-element_type=\"column\">\n\t\t\t<div class=\"elementor-widget-wrap elementor-element-populated\">\n\t\t\t\t\t\t\t\t<div class=\"elementor-element elementor-element-facddb4 elementor-widget elementor-widget-text-editor\" data-id=\"facddb4\" data-element_type=\"widget\" data-widget_type=\"text-editor.default\">\n\t\t\t\t<div class=\"elementor-widget-container\">\n\t\t\t\t\t\t\t<p>Pour ceux qui souhaitent se tenir au courant de l&#8217;\u00e9volution de ces initiatives, le site web du projet FACE Erasmus+ offre des informations d\u00e9taill\u00e9es sur les objectifs, les activit\u00e9s et les r\u00e9sultats du projet. Parall\u00e8lement, la page Facebook, FACE Project on Facebook, offre une plateforme d&#8217;interaction, de partage d&#8217;exp\u00e9riences r\u00e9ussies et de promotion d&#8217;une communaut\u00e9 de jeunes entrepreneurs passionn\u00e9s par l&#8217;entrepreneuriat culturel.<\/p>\n\t\t\t\t\t\t<\/div>\n\t\t\t\t<\/div>\n\t\t\t\t\t<\/div>\n\t\t<\/div>\n\t\t\t\t\t\t\t<\/div>\n\t\t<\/section>\n\t\t\t\t\t\t\t<\/div>\n\t\t","protected":false},"excerpt":{"rendered":"<p>Pour r\u00e9diger un article de blog parfait, vous devez diviser votre contenu en paragraphes. Si la plupart des articles de blog utilisent des paragraphes, rares sont ceux qui les utilisent \u00e0 bon escient. Prenez le temps de placer des liens dans votre article de blog&#8230;<\/p>\n","protected":false},"author":5,"featured_media":14500,"comment_status":"closed","ping_status":"closed","sticky":false,"template":"","format":"standard","meta":{"iawp_total_views":3,"footnotes":""},"categories":[139],"tags":[143,98,144,154],"class_list":["post-14513","post","type-post","status-publish","format-standard","has-post-thumbnail","hentry","category-industries-creatives-et-culturelles","tag-creation-demplois","tag-impact","tag-linnovation","tag-la-durabilite"],"_links":{"self":[{"href":"https:\/\/faceprojecterasmus.eu\/fr\/wp-json\/wp\/v2\/posts\/14513","targetHints":{"allow":["GET"]}}],"collection":[{"href":"https:\/\/faceprojecterasmus.eu\/fr\/wp-json\/wp\/v2\/posts"}],"about":[{"href":"https:\/\/faceprojecterasmus.eu\/fr\/wp-json\/wp\/v2\/types\/post"}],"author":[{"embeddable":true,"href":"https:\/\/faceprojecterasmus.eu\/fr\/wp-json\/wp\/v2\/users\/5"}],"replies":[{"embeddable":true,"href":"https:\/\/faceprojecterasmus.eu\/fr\/wp-json\/wp\/v2\/comments?post=14513"}],"version-history":[{"count":1,"href":"https:\/\/faceprojecterasmus.eu\/fr\/wp-json\/wp\/v2\/posts\/14513\/revisions"}],"predecessor-version":[{"id":14515,"href":"https:\/\/faceprojecterasmus.eu\/fr\/wp-json\/wp\/v2\/posts\/14513\/revisions\/14515"}],"wp:featuredmedia":[{"embeddable":true,"href":"https:\/\/faceprojecterasmus.eu\/fr\/wp-json\/wp\/v2\/media\/14500"}],"wp:attachment":[{"href":"https:\/\/faceprojecterasmus.eu\/fr\/wp-json\/wp\/v2\/media?parent=14513"}],"wp:term":[{"taxonomy":"category","embeddable":true,"href":"https:\/\/faceprojecterasmus.eu\/fr\/wp-json\/wp\/v2\/categories?post=14513"},{"taxonomy":"post_tag","embeddable":true,"href":"https:\/\/faceprojecterasmus.eu\/fr\/wp-json\/wp\/v2\/tags?post=14513"}],"curies":[{"name":"wp","href":"https:\/\/api.w.org\/{rel}","templated":true}]}}