{"id":14214,"date":"2023-12-08T16:35:39","date_gmt":"2023-12-08T15:35:39","guid":{"rendered":"https:\/\/faceprojecterasmus.eu\/une-bonne-pratique-comment-diffuser-la-culture-par-le-biais-dun-projet-de-lindustrie-creative-livu-une-web-tv-culturelle\/"},"modified":"2024-03-27T14:42:11","modified_gmt":"2024-03-27T13:42:11","slug":"une-bonne-pratique-comment-diffuser-la-culture-par-le-biais-dun-projet-de-lindustrie-creative-livu-une-web-tv-culturelle","status":"publish","type":"post","link":"https:\/\/faceprojecterasmus.eu\/fr\/une-bonne-pratique-comment-diffuser-la-culture-par-le-biais-dun-projet-de-lindustrie-creative-livu-une-web-tv-culturelle\/","title":{"rendered":"Une bonne pratique &#8211; Comment diffuser la culture par le biais d&#8217;un projet de l&#8217;industrie cr\u00e9ative : Livu&#8217;, une web TV culturelle"},"content":{"rendered":"\t\t<div data-elementor-type=\"wp-post\" data-elementor-id=\"14214\" class=\"elementor elementor-14214 elementor-14152\">\n\t\t\t\t\t\t\t\t\t<section class=\"elementor-section elementor-top-section elementor-element elementor-element-3b311c75 elementor-section-boxed elementor-section-height-default elementor-section-height-default\" data-id=\"3b311c75\" data-element_type=\"section\">\n\t\t\t\t\t\t<div class=\"elementor-container elementor-column-gap-default\">\n\t\t\t\t\t<div class=\"elementor-column elementor-col-100 elementor-top-column elementor-element elementor-element-4e7834e8\" data-id=\"4e7834e8\" data-element_type=\"column\">\n\t\t\t<div class=\"elementor-widget-wrap elementor-element-populated\">\n\t\t\t\t\t\t\t\t<div class=\"elementor-element elementor-element-484d9750 elementor-widget elementor-widget-text-editor\" data-id=\"484d9750\" data-element_type=\"widget\" data-widget_type=\"text-editor.default\">\n\t\t\t\t<div class=\"elementor-widget-container\">\n\t\t\t<style>\/*! elementor - v3.16.0 - 09-10-2023 *\/\n.elementor-widget-text-editor.elementor-drop-cap-view-stacked .elementor-drop-cap{background-color:#69727d;color:#fff}.elementor-widget-text-editor.elementor-drop-cap-view-framed .elementor-drop-cap{color:#69727d;border:3px solid;background-color:transparent}.elementor-widget-text-editor:not(.elementor-drop-cap-view-default) .elementor-drop-cap{margin-top:8px}.elementor-widget-text-editor:not(.elementor-drop-cap-view-default) .elementor-drop-cap-letter{width:1em;height:1em}.elementor-widget-text-editor .elementor-drop-cap{float:left;text-align:center;line-height:1;font-size:50px}.elementor-widget-text-editor .elementor-drop-cap-letter{display:inline-block}<\/style>\t\t\t\t<p>L&#8217;exp\u00e9rience que nous pr\u00e9sentons dans cet article est celle d&#8217;une web TV, appel\u00e9e &#8216;<strong><br \/>\n  <a href=\"https:\/\/livu.it\/\">LIVU<\/a><br \/>\n<\/strong>d\u00e9di\u00e9e aux \u00e9v\u00e9nements culturels et aux initiatives li\u00e9es \u00e0 la ville de Livourne et n\u00e9e pendant la p\u00e9riode COVID-19.<\/p>\n<p>Partant des difficult\u00e9s de cette p\u00e9riode, et en particulier des probl\u00e8mes rencontr\u00e9s par le secteur culturel au sens large, comprenant non seulement les entreprises culturelles, les associations et les compagnies de th\u00e9\u00e2tre, mais aussi les artistes, les musiciens, les enseignants, les historiens de l&#8217;art, les \u00e9crivains, les auteurs, etc., la municipalit\u00e9 de Livourne, en collaboration avec le th\u00e9\u00e2tre de la Fondation Goldoni et la coop\u00e9rative Itinera, a envisag\u00e9 de mettre en place une Web TV capable de diffuser des contenus et des \u00e9v\u00e9nements culturels li\u00e9s \u00e0 la ville et, plus g\u00e9n\u00e9ralement, au th\u00e8me de la culture dans la ville de Livourne.<\/p>\n<p><strong>La mission<\/strong><\/p>\n<p>Le contenu et la mission de la nouvelle web TV \u00e9taient une diffusion culturelle proposant, \u00e0 travers sa grille de programmes, un aper\u00e7u de ce que la ville offre en termes d&#8217;\u00e9v\u00e9nements artistiques et de personnalit\u00e9s. Le programme de t\u00e9l\u00e9vision en ligne a \u00e9t\u00e9 propos\u00e9 \u00e0 toute vitesse afin d&#8217;offrir la possibilit\u00e9 d&#8217;\u00e9couter et d&#8217;informer la communaut\u00e9 locale par le biais d&#8217;un r\u00e9cit &#8220;num\u00e9rique&#8221; de la r\u00e9gion qui permettrait d&#8217;en apprendre davantage sur la ville et sa cr\u00e9ativit\u00e9.<\/p>\n<p>De cette mani\u00e8re, la participation et l&#8217;\u00e9largissement du public ainsi que l&#8217;accessibilit\u00e9 culturelle \u00e0 la culture locale ont \u00e9t\u00e9 rendus possibles \u00e0 un moment particuli\u00e8rement difficile, en arrivant directement aux utilisateurs, d&#8217;un simple clic.<\/p>\n<p>Livu TV Web est un outil utile pour partager des informations sur les initiatives culturelles dans la ville. Un contenant capable de compacter les rendez-vous et de donner de la visibilit\u00e9 \u00e0 l&#8217;extraordinaire cr\u00e9ativit\u00e9 artistique de la ville, en conservant une trace archivistique de tout ce qui est r\u00e9alis\u00e9 pour la communaut\u00e9 \u00e0 travers les arts.<\/p>\n<p><strong>La structure<\/strong><\/p>\n<p>La nouvelle WebTv est n\u00e9e avec un calendrier structur\u00e9 selon les sections suivantes (toujours en \u00e9volution et en cours d&#8217;impl\u00e9mentation) :<\/p>\n<ol>\n<li>\u00c9V\u00c9NEMENTS<\/li>\n<\/ol>\n<p>Cette section comprend la documentation et le suivi des principaux \u00e9v\u00e9nements organis\u00e9s \u00e0 Livourne et\/ou l&#8217;enregistrement des \u00e9v\u00e9nements nationaux. En particulier, toutes les initiatives culturelles organis\u00e9es dans la ville feront l&#8217;objet d&#8217;un \u00e9pisode t\u00e9l\u00e9vis\u00e9, \u00e9galement en streaming en direct, avec la possibilit\u00e9 d&#8217;interagir et de commenter.<\/p>\n<ol start=\"2\">\n<li>TH\u00c9\u00c2TRE\/PERFORMANCE<\/li>\n<\/ol>\n<p><em>Pilules : rencontre avec des professionnels locaux des arts du spectacle.<\/em>  La rencontre consiste en la diffusion d&#8217;un spectacle produit et d\u00e9di\u00e9 aux figures\/personnalit\u00e9s qui ont marqu\u00e9 la culture livournaise. Outre la programmation des spectacles enregistr\u00e9s des diff\u00e9rentes compagnies, un profil de pr\u00e9sentation artistique, une interview et une fiche d&#8217;information consacr\u00e9e \u00e0 leur histoire professionnelle et \u00e0 leurs projets dans le domaine seront pr\u00e9sent\u00e9s.<\/p>\n<ol start=\"3\">\n<li>ART CONTEMPORAIN<\/li>\n<\/ol>\n<p><em>Il grande rettile ed altre st <\/em>orie (Le grand reptile et autres histoires) &#8211; Un itin\u00e9raire sur l&#8217;art contemporain \u00e0 Livourne \u00e0 partir de la collection permanente conserv\u00e9e au <em>Museo dei Bottini dell&#8217;Olio<\/em>, une section de l&#8217;\u00e9glise Luogo Pio. Il s&#8217;agit d&#8217;une collection principalement ax\u00e9e sur l&#8217;art de l&#8217;apr\u00e8s-guerre aux ann\u00e9es 1970, qui est bien plac\u00e9e pour repr\u00e9senter un condens\u00e9 significatif des moments importants de l&#8217;art contemporain. \u00c0 partir du patrimoine artistique pr\u00e9serv\u00e9, nous proc\u00e9derons \u00e0 des discussions th\u00e9matiques approfondies, \u00e0 des rendez-vous, \u00e0 des entretiens avec des artistes, des critiques, des collectionneurs et \u00e0 des portraits d&#8217;\u0153uvres. Les sujets abord\u00e9s comprendront \u00e9galement des th\u00e8mes, des histoires et des aper\u00e7us de la culture de la ville, en partant des lieux de consommation culturelle les plus significatifs : biblioth\u00e8ques, galeries, centres culturels, librairies, etc.<\/p>\n<ol start=\"4\">\n<li>URBANISME\/VILLE<\/li>\n<\/ol>\n<p><em>L&#8217;id\u00e9e de la ville : La ville de l&#8217;apr\u00e8s-guerre \u00e0 nos jours<\/em> &#8211; \u00c9tudes approfondies sur l&#8217;urbanisme\/l&#8217;architecture de la ville, \u00e0 partir de l&#8217;apr\u00e8s-guerre. Aper\u00e7us th\u00e9matiques, conf\u00e9rences, rencontres, portraits d&#8217;artefacts\/architectes\/urbanistes de la ville, \u00e9v\u00e9nements.<\/p>\n<p>Ainsi, le projet n\u00e9 comme une bou\u00e9e de sauvetage \u00e0 un moment o\u00f9 la n\u00e9cessit\u00e9 de rester interconnect\u00e9 repr\u00e9sentait le seul moyen de donner une voix \u00e0 toutes les activit\u00e9s d&#8217;agr\u00e9gation dans la sph\u00e8re culturelle qui auraient autrement \u00e9t\u00e9 perdues, a connu un tel succ\u00e8s que m\u00eame au lendemain de la pand\u00e9mie, la communaut\u00e9 a manifest\u00e9 un fort d\u00e9sir de voir le projet se poursuivre, et il devient un v\u00e9ritable bureau de presse itin\u00e9rant et &#8220;toujours en activit\u00e9&#8221;.<\/p>\n<p>Ainsi, les contenus pass\u00e9s et futurs sont rassembl\u00e9s au sein de la plateforme web pr\u00e9\u00e9tablie, cr\u00e9ant de v\u00e9ritables archives num\u00e9riques de la culture locale, compos\u00e9es de contenus vid\u00e9o que les utilisateurs peuvent regarder confortablement depuis leurs appareils, pour se tenir au courant des \u00e9v\u00e9nements \u00e0 venir ou pour rattraper ceux qui ont d\u00e9j\u00e0 eu lieu.<\/p>\n<p>En outre, de nouvelles &#8220;colonnes&#8221; se sont d\u00e9velopp\u00e9es au fil du temps, d\u00e9di\u00e9es \u00e0 des personnalit\u00e9s de la sc\u00e8ne artistique de Livourne, offrant une vue d&#8217;ensemble de la ville \u00e0 360\u00b0.<\/p>\n<p>En outre, le champ d&#8217;application de LIVU&#8217; s&#8217;est \u00e9largi au point d&#8217;inclure des activit\u00e9s \u00e0 caract\u00e8re r\u00e9gional et national, qui sont li\u00e9es \u00e0 la ville m\u00eame si elles se d\u00e9roulent ailleurs.<\/p>\n\t\t\t\t\t\t<\/div>\n\t\t\t\t<\/div>\n\t\t\t\t\t<\/div>\n\t\t<\/div>\n\t\t\t\t\t\t\t<\/div>\n\t\t<\/section>\n\t\t\t\t<section class=\"elementor-section elementor-top-section elementor-element elementor-element-e2b3b3b elementor-section-boxed elementor-section-height-default elementor-section-height-default\" data-id=\"e2b3b3b\" data-element_type=\"section\">\n\t\t\t\t\t\t<div class=\"elementor-container elementor-column-gap-default\">\n\t\t\t\t\t<div class=\"elementor-column elementor-col-100 elementor-top-column elementor-element elementor-element-31b2d1e\" data-id=\"31b2d1e\" data-element_type=\"column\">\n\t\t\t<div class=\"elementor-widget-wrap elementor-element-populated\">\n\t\t\t\t\t\t\t\t<div class=\"elementor-element elementor-element-fa60782 elementor-widget elementor-widget-image\" data-id=\"fa60782\" data-element_type=\"widget\" data-widget_type=\"image.default\">\n\t\t\t\t<div class=\"elementor-widget-container\">\n\t\t\t<style>\/*! elementor - v3.16.0 - 09-10-2023 *\/\n.elementor-widget-image{text-align:center}.elementor-widget-image a{display:inline-block}.elementor-widget-image a img[src$=\".svg\"]{width:48px}.elementor-widget-image img{vertical-align:middle;display:inline-block}<\/style>\t\t\t\t\t\t\t\t\t\t\t\t<img loading=\"lazy\" decoding=\"async\" width=\"802\" height=\"453\" src=\"https:\/\/faceprojecterasmus.eu\/wp-content\/uploads\/2023\/12\/Screenshot-2023-12-04-111008.png\" class=\"attachment-large size-large wp-image-14154\" alt=\"\" srcset=\"https:\/\/faceprojecterasmus.eu\/wp-content\/uploads\/2023\/12\/Screenshot-2023-12-04-111008.png 802w, https:\/\/faceprojecterasmus.eu\/wp-content\/uploads\/2023\/12\/Screenshot-2023-12-04-111008-300x169.png 300w, https:\/\/faceprojecterasmus.eu\/wp-content\/uploads\/2023\/12\/Screenshot-2023-12-04-111008-768x434.png 768w\" sizes=\"auto, (max-width: 802px) 100vw, 802px\" \/>\t\t\t\t\t\t\t\t\t\t\t\t\t\t\t<\/div>\n\t\t\t\t<\/div>\n\t\t\t\t\t<\/div>\n\t\t<\/div>\n\t\t\t\t\t\t\t<\/div>\n\t\t<\/section>\n\t\t\t\t<section class=\"elementor-section elementor-top-section elementor-element elementor-element-cb87fa6 elementor-section-boxed elementor-section-height-default elementor-section-height-default\" data-id=\"cb87fa6\" data-element_type=\"section\">\n\t\t\t\t\t\t<div class=\"elementor-container elementor-column-gap-default\">\n\t\t\t\t\t<div class=\"elementor-column elementor-col-100 elementor-top-column elementor-element elementor-element-910644b\" data-id=\"910644b\" data-element_type=\"column\">\n\t\t\t<div class=\"elementor-widget-wrap elementor-element-populated\">\n\t\t\t\t\t\t\t\t<div class=\"elementor-element elementor-element-9cdce79 elementor-widget elementor-widget-text-editor\" data-id=\"9cdce79\" data-element_type=\"widget\" data-widget_type=\"text-editor.default\">\n\t\t\t\t<div class=\"elementor-widget-container\">\n\t\t\t\t\t\t\t<p><strong>Les ressources<\/strong><\/p>\n<p>L&#8217;exp\u00e9rience initiale d&#8217;une web TV cr\u00e9\u00e9e pour surmonter les difficult\u00e9s que la pand\u00e9mie pr\u00e9sentait dans l&#8217;industrie cr\u00e9ative a port\u00e9 ses fruits, en cr\u00e9ant une initiative culturelle largement \u00e9tablie dans la communaut\u00e9, et qui devient un outil num\u00e9rique de culture pour diffuser la culture.<\/p>\n<p>Il va sans dire que le travail de la web TV est soutenu par une \u00e9quipe de jeunes experts, qui participent activement \u00e0 la programmation de l&#8217;horaire et \u00e0 la cr\u00e9ation du contenu vid\u00e9o, en travaillant \u00e0 la planification de contenus originaux et int\u00e9ressants, qui peuvent \u00eatre un stimulant pour les utilisateurs et une incitation pour les entreprises cr\u00e9atives impliqu\u00e9es \u00e0 diffuser leur travail.<\/p>\n<p>Cette \u00e9quipe de jeunes impliqu\u00e9s avait initialement peu de connaissances et de comp\u00e9tences en mati\u00e8re de r\u00e9alisation de vid\u00e9os, mais ils ont d\u00e9velopp\u00e9 une formation technique et num\u00e9rique sp\u00e9cifique (photographie vid\u00e9o, tournage, montage et post-production, narration et r\u00e9cit), gr\u00e2ce \u00e0 des cours sp\u00e9cifiques et en apportant leur passion, leur int\u00e9r\u00eat et leurs propres comp\u00e9tences. Actuellement, l&#8217;\u00e9quipe de Liv\u00f9 effectue un travail de bureau de presse num\u00e9rique, en lien avec les r\u00e9dactions locales, r\u00e9gionales et nationales.<\/p>\n<p>En outre, gr\u00e2ce \u00e0 l&#8217;acquisition d&#8217;\u00e9quipements professionnels qui ont permis d&#8217;am\u00e9liorer la connexion \u00e0 distance (\u00e9missions de t\u00e9l\u00e9vision en direct, streaming, etc.), l&#8217;offre de services est devenue de plus en plus qualitative au fil du temps, non seulement en termes de contenu, mais aussi et surtout dans leur r\u00e9alisation, bas\u00e9e sur de fortes comp\u00e9tences \u00e9ditoriales et sur la r\u00e9vision du mat\u00e9riel collect\u00e9 par l&#8217;\u00e9quipe d&#8217;op\u00e9rateurs, ainsi que sur la r\u00e9alisation et le montage de vid\u00e9os.<\/p>\n<p><strong>Le r\u00e9sultat<\/strong><\/p>\n<p>Au d\u00e9part, l&#8217;id\u00e9e du projet \u00e9tait strictement li\u00e9e \u00e0 la promotion d&#8217;\u00e9v\u00e9nements par les institutions publiques locales &#8211; qui soutenaient la web TV pr\u00e9cis\u00e9ment pour garantir que les activit\u00e9s puissent \u00eatre appr\u00e9ci\u00e9es par la communaut\u00e9 &#8211; et s&#8217;est ensuite d\u00e9velopp\u00e9e au point d&#8217;\u00eatre \u00e9galement exploit\u00e9e par des r\u00e9alit\u00e9s culturelles priv\u00e9es souhaitant atteindre la citoyennet\u00e9 par un moyen de communication direct qui leur permettrait d&#8217;expliquer quels projets artistiques \u00e9taient en cours dans leur ville.<\/p>\n<p>Le public est \u00e9videmment repr\u00e9sent\u00e9 par les citoyens et tous ceux qui s&#8217;int\u00e9ressent \u00e0 l&#8217;histoire de la r\u00e9gion, de la ville et des activit\u00e9s artistiques qui y sont promues.<\/p>\n<p>Bien que la marque Liv\u00f9 soit li\u00e9e \u00e0 une r\u00e9alit\u00e9 locale qui, comme nous l&#8217;avons d\u00e9j\u00e0 mentionn\u00e9, est bas\u00e9e \u00e0 Livourne, elle repr\u00e9sente un format exportable qui peut \u00eatre facilement reproduit dans n&#8217;importe quelle r\u00e9alit\u00e9 qui veut ou doit utiliser un outil de diffusion en phase avec son temps et innovant.<\/p>\n<p>Le potentiel de ce m\u00e9dia est infini et sa polyvalence garantit des r\u00e9sultats efficaces, gr\u00e2ce \u00e9galement \u00e0 sa connexion avec d&#8217;autres canaux sociaux tels qu&#8217;instagram, facebook et youtube.<\/p>\n<p>Liv\u00f9 Tv web est un excellent exemple de la fa\u00e7on dont un projet culturel est toujours un v\u00e9hicule pour d&#8217;autres cultures, et quel meilleur moyen que la web TV itin\u00e9rante qui distribue des pilules d&#8217;art et de cr\u00e9ativit\u00e9 ?<\/p>\n\t\t\t\t\t\t<\/div>\n\t\t\t\t<\/div>\n\t\t\t\t<div class=\"elementor-element elementor-element-5ae0075 elementor-widget elementor-widget-image\" data-id=\"5ae0075\" data-element_type=\"widget\" data-widget_type=\"image.default\">\n\t\t\t\t<div class=\"elementor-widget-container\">\n\t\t\t\t\t\t\t\t\t\t\t\t\t\t\t<img loading=\"lazy\" decoding=\"async\" width=\"802\" height=\"457\" src=\"https:\/\/faceprojecterasmus.eu\/wp-content\/uploads\/2023\/12\/Screenshot-2023-12-04-111307.png\" class=\"attachment-large size-large wp-image-14158\" alt=\"\" srcset=\"https:\/\/faceprojecterasmus.eu\/wp-content\/uploads\/2023\/12\/Screenshot-2023-12-04-111307.png 802w, https:\/\/faceprojecterasmus.eu\/wp-content\/uploads\/2023\/12\/Screenshot-2023-12-04-111307-300x171.png 300w, https:\/\/faceprojecterasmus.eu\/wp-content\/uploads\/2023\/12\/Screenshot-2023-12-04-111307-768x438.png 768w\" sizes=\"auto, (max-width: 802px) 100vw, 802px\" \/>\t\t\t\t\t\t\t\t\t\t\t\t\t\t\t<\/div>\n\t\t\t\t<\/div>\n\t\t\t\t<div class=\"elementor-element elementor-element-e13b94e elementor-align-center elementor-widget elementor-widget-button\" data-id=\"e13b94e\" data-element_type=\"widget\" data-widget_type=\"button.default\">\n\t\t\t\t<div class=\"elementor-widget-container\">\n\t\t\t\t\t<div class=\"elementor-button-wrapper\">\n\t\t\t<a class=\"elementor-button elementor-button-link elementor-size-lg\" href=\"\">\n\t\t\t\t\t\t<span class=\"elementor-button-content-wrapper\">\n\t\t\t\t\t\t<span class=\"elementor-button-text\">Cliquez ici pour d\u00e9couvrir les streamings et les contenus de Livu !<\/span>\n\t\t<\/span>\n\t\t\t\t\t<\/a>\n\t\t<\/div>\n\t\t\t\t<\/div>\n\t\t\t\t<\/div>\n\t\t\t\t\t<\/div>\n\t\t<\/div>\n\t\t\t\t\t\t\t<\/div>\n\t\t<\/section>\n\t\t\t\t\t\t\t<\/div>\n\t\t","protected":false},"excerpt":{"rendered":"<p>Pour r\u00e9diger un article de blog parfait, vous devez diviser votre contenu en paragraphes. Si la plupart des articles de blog utilisent des paragraphes, rares sont ceux qui les utilisent \u00e0 bon escient. Prenez le temps de placer des liens dans votre article de blog&#8230;<\/p>\n","protected":false},"author":5,"featured_media":14173,"comment_status":"closed","ping_status":"closed","sticky":false,"template":"","format":"standard","meta":{"iawp_total_views":2,"footnotes":""},"categories":[139],"tags":[143,98,144],"class_list":["post-14214","post","type-post","status-publish","format-standard","has-post-thumbnail","hentry","category-industries-creatives-et-culturelles","tag-creation-demplois","tag-impact","tag-linnovation"],"_links":{"self":[{"href":"https:\/\/faceprojecterasmus.eu\/fr\/wp-json\/wp\/v2\/posts\/14214","targetHints":{"allow":["GET"]}}],"collection":[{"href":"https:\/\/faceprojecterasmus.eu\/fr\/wp-json\/wp\/v2\/posts"}],"about":[{"href":"https:\/\/faceprojecterasmus.eu\/fr\/wp-json\/wp\/v2\/types\/post"}],"author":[{"embeddable":true,"href":"https:\/\/faceprojecterasmus.eu\/fr\/wp-json\/wp\/v2\/users\/5"}],"replies":[{"embeddable":true,"href":"https:\/\/faceprojecterasmus.eu\/fr\/wp-json\/wp\/v2\/comments?post=14214"}],"version-history":[{"count":2,"href":"https:\/\/faceprojecterasmus.eu\/fr\/wp-json\/wp\/v2\/posts\/14214\/revisions"}],"predecessor-version":[{"id":14466,"href":"https:\/\/faceprojecterasmus.eu\/fr\/wp-json\/wp\/v2\/posts\/14214\/revisions\/14466"}],"wp:featuredmedia":[{"embeddable":true,"href":"https:\/\/faceprojecterasmus.eu\/fr\/wp-json\/wp\/v2\/media\/14173"}],"wp:attachment":[{"href":"https:\/\/faceprojecterasmus.eu\/fr\/wp-json\/wp\/v2\/media?parent=14214"}],"wp:term":[{"taxonomy":"category","embeddable":true,"href":"https:\/\/faceprojecterasmus.eu\/fr\/wp-json\/wp\/v2\/categories?post=14214"},{"taxonomy":"post_tag","embeddable":true,"href":"https:\/\/faceprojecterasmus.eu\/fr\/wp-json\/wp\/v2\/tags?post=14214"}],"curies":[{"name":"wp","href":"https:\/\/api.w.org\/{rel}","templated":true}]}}